{"id":3037,"date":"2025-04-16T08:00:22","date_gmt":"2025-04-16T06:00:22","guid":{"rendered":"https:\/\/cultivetonenergie.com\/nicht-kategorisiert\/senkung-der-photovoltaik-tarife-ein-schwerer-schlag-fuer-die-branche\/"},"modified":"2025-04-16T08:00:22","modified_gmt":"2025-04-16T06:00:22","slug":"senkung-der-photovoltaik-tarife-ein-schwerer-schlag-fuer-die-branche","status":"publish","type":"post","link":"https:\/\/cultivetonenergie.com\/de\/energie-nachrichten\/senkung-der-photovoltaik-tarife-ein-schwerer-schlag-fuer-die-branche\/","title":{"rendered":"Senkung der Photovoltaik-Tarife: ein schwerer Schlag f\u00fcr die Branche?"},"content":{"rendered":"<p>Bedroht die vorgeschlagene <strong>Senkung der Photovoltaik-Tarife<\/strong> die Rentabilit\u00e4t der Anlagen und die Entwicklung der erneuerbaren Energien in Frankreich? Welche Auswirkungen h\u00e4tte dies auf <strong>Projekte von 0 bis 500 kWp<\/strong>, die den Schl\u00fcssel zur dezentralen Entwicklung darstellen? Da die Regierung eine <strong>Anpassung der Einspeisetarife<\/strong> in Betracht zieht, ist die Branche \u00fcber die Folgen f\u00fcr die Projekttr\u00e4ger besorgt. Ist <strong>eine Verlangsamung des Sektors zu bef\u00fcrchten<\/strong> oder muss man sich an ein neues Wirtschaftsmodell anpassen? Entschl\u00fcsselung der Herausforderungen und Perspektiven.    <\/p>\n<p>&nbsp;<\/p>\n<p><img fetchpriority=\"high\" decoding=\"async\" class=\"aligncenter size-full wp-image-2555\" src=\"https:\/\/cultivetonenergie.com\/wp-content\/uploads\/2025\/03\/baisse-des-tarifs-photovoltaiques.webp\" alt=\"Eine Frau mit einem Solarmodul und einem Sparschwein, die Angst vor der geplanten Senkung der Photovoltaik-Tarife hat.\" width=\"1226\" height=\"818\" srcset=\"https:\/\/cultivetonenergie.com\/wp-content\/uploads\/2025\/03\/baisse-des-tarifs-photovoltaiques.webp 1226w, https:\/\/cultivetonenergie.com\/wp-content\/uploads\/2025\/03\/baisse-des-tarifs-photovoltaiques-300x200.webp 300w, https:\/\/cultivetonenergie.com\/wp-content\/uploads\/2025\/03\/baisse-des-tarifs-photovoltaiques-1024x683.webp 1024w, https:\/\/cultivetonenergie.com\/wp-content\/uploads\/2025\/03\/baisse-des-tarifs-photovoltaiques-768x512.webp 768w\" sizes=\"(max-width: 1226px) 100vw, 1226px\" \/><\/p>\n<p>&nbsp;<\/p>\n<h2>Die vorgeschlagenen \u00c4nderungen der Einspeisetarife<\/h2>\n<p>Die Regierung plant eine \u00dcberpr\u00fcfung der Einspeisetarife f\u00fcr Photovoltaikanlagen, was in der Branche Besorgnis hervorruft. Die Anpassungen betreffen insbesondere Anlagen mit einer Leistung von 0 bis 500 kWp, die ein Schl\u00fcsselsegment f\u00fcr die Entwicklung dezentraler erneuerbarer Energien darstellen. <\/p>\n<p>&nbsp;<\/p>\n<p><strong>Segment 0-9 kWp: Unterst\u00fctzung stark r\u00fcckl\u00e4ufig<\/strong><\/p>\n<p>Kleine Wohn- und Gewerbeanlagen k\u00f6nnten am st\u00e4rksten betroffen sein. Der Einspeisetarif f\u00fcr den \u00dcberschuss w\u00fcrde von 12,7 Ct\/kWh auf 4 Ct\/kWh sinken, w\u00e4hrend die Investitionspr\u00e4mie halbiert w\u00fcrde. Eine solche K\u00fcrzung k\u00f6nnte neue Projekte behindern, indem sie ihre Rentabilit\u00e4t verringert.  <\/p>\n<p>&nbsp;<\/p>\n<p><strong>Segment 9-100 kWp: Fortbestand unter Bedingungen<\/strong><\/p>\n<p>Wenn die derzeitigen Tarife bestehen bleiben, wird die Degression des Tarifs verst\u00e4rkt und auf ein Volumen von 92 MW pro Quartal kalibriert. Dies bedeutet, dass die Verg\u00fctung f\u00fcr die Anlagen umso schneller sinken wird, je mehr Antr\u00e4ge gestellt werden. <\/p>\n<p>&nbsp;<\/p>\n<p><strong>Segment 100-500 kWp: ein deutlicher R\u00fcckgang<\/strong><\/p>\n<p>F\u00fcr dieses Segment, das f\u00fcr landwirtschaftliche Betriebe, Industrie und Gemeinden von entscheidender Bedeutung ist, w\u00fcrde der Einspeisetarif auf 95 \u20ac\/MWh gesenkt werden, mit einer Degression von 6 %, wenn das Volumen das 1,25-fache des vorgesehenen Volumens von 359 MW pro Quartal \u00fcberschreitet. Diese Entwicklung k\u00f6nnte die wirtschaftliche Lebensf\u00e4higkeit von Projekten mittlerer Gr\u00f6\u00dfe erschweren. <\/p>\n<p>&nbsp;<\/p>\n<p><strong>Direkte Auswirkungen auf neue Projekte<\/strong><\/p>\n<p>Wenn diese Vorschl\u00e4ge umgesetzt werden, k\u00f6nnten sie eine abschreckende Wirkung auf neue Installationen haben und zu einer Verlangsamung der Photovoltaikentwicklung in Frankreich f\u00fchren. Die Projekttr\u00e4ger werden ihre Gesch\u00e4ftsmodelle anpassen m\u00fcssen, um die geringeren Einnahmen aus der Einspeiseverg\u00fctung auszugleichen. <\/p>\n<p>&nbsp;<\/p>\n<h2>Auswirkungen auf die Akteure des Sektors<\/h2>\n<p>Die Senkung der Photovoltaiktarife k\u00f6nnte erhebliche Auswirkungen auf die gesamte Branche haben. W\u00e4hrend einige Akteure sich anpassen k\u00f6nnen, indem sie ihre Gesch\u00e4ftsmodelle optimieren, k\u00f6nnten andere ihre Projekte in Frage gestellt sehen. <\/p>\n<p>&nbsp;<\/p>\n<h3>1. F\u00fcr kleine Wohnanlagen: Rentabilit\u00e4t gef\u00e4hrdet<\/h3>\n<p>Privatpersonen, die in Photovoltaik investieren, um ihren \u00dcberschuss zu verkaufen oder eine Investitionspr\u00e4mie zu erhalten, werden besonders betroffen sein. Mit einem reduzierten Einspeisetarif und einer halbierten Pr\u00e4mie wird der Anreiz f\u00fcr den Eigenverbrauch noch gr\u00f6\u00dfer werden. Diejenigen, die die Installation von Solarmodulen in Erw\u00e4gung ziehen, werden ihre Rentabilit\u00e4t \u00fcberdenken m\u00fcssen, indem sie den Eigenverbrauch anstelle des Weiterverkaufs an das Netz maximieren.  <\/p>\n<p>&nbsp;<\/p>\n<h3>2. F\u00fcr gewerbliche und industrielle Anlagen: ein Investitionshemmnis<\/h3>\n<p>Unternehmen, die sich auf die Photovoltaik zur Senkung ihrer Energiekosten verlassen haben, k\u00f6nnten mit Investitionen zur\u00fcckhaltend sein. Die Senkung des Einspeisetarifs und die Erh\u00f6hung der Degression erschweren die Gesch\u00e4ftsmodelle f\u00fcr laufende und zuk\u00fcnftige Projekte. Diese Akteure werden ihre Strategien \u00fcberdenken m\u00fcssen, indem sie neue Hebel wie Energiespeicherung oder direkte Abnahmevertr\u00e4ge (PPA) mit Energieversorgern einbeziehen.  <\/p>\n<p>&nbsp;<\/p>\n<h3>3. F\u00fcr den Agrarsektor: eine gef\u00e4hrdete Einkommensquelle<\/h3>\n<p>Landwirtschaftliche Betriebe, die Photovoltaik als zus\u00e4tzliches Einkommen nutzen, laufen Gefahr, dass ihre Rentabilit\u00e4t beeintr\u00e4chtigt wird. Viele Landwirte haben in Anlagen mit einer Leistung von 0-500 kWp investiert, um ihre Finanzen gegen Wetterunsicherheiten und Schwankungen auf den Agrarm\u00e4rkten abzusichern. Mit einem niedrigeren Einspeisetarif k\u00f6nnte die Attraktivit\u00e4t dieser Projekte sinken.  <\/p>\n<p>Sie bietet eine praktikable Alternative f\u00fcr Landwirte, die<a href=\"https:\/\/cultivetonenergie.com\/agrivoltaisme\/\">landwirtschaftliche<\/a> Produktion und Solarenergie miteinander verbinden m\u00f6chten.<\/p>\n<p>&nbsp;<\/p>\n<p>Angesichts dieser Ver\u00e4nderungen m\u00fcssen die Akteure des Sektors innovativ sein und ihre Rentabilit\u00e4t durch die Diversifizierung ihrer Einnahmen und das \u00dcberdenken ihrer Energiemodelle optimieren. Eigenverbrauch, private Kaufvertr\u00e4ge und Agrovoltaik k\u00f6nnten L\u00f6sungen sein, um die Auswirkungen der Tarifsenkung zu begrenzen. <\/p>\n<p>&nbsp;<\/p>\n<h2>Reaktionen aus der Photovoltaikbranche<\/h2>\n<p>Die Ank\u00fcndigung einer Senkung der Photovoltaiktarife hat eine heftige Reaktion der Akteure in diesem Sektor hervorgerufen. Berufsverb\u00e4nde, Unternehmen und Projektentwickler kritisieren eine Ma\u00dfnahme, die die Entwicklung der Solarenergie in Frankreich erheblich bremsen k\u00f6nnte. <\/p>\n<p>&nbsp;<\/p>\n<p><img decoding=\"async\" class=\"aligncenter size-full wp-image-2556\" src=\"https:\/\/cultivetonenergie.com\/wp-content\/uploads\/2025\/03\/colere-secteur-photovoltaique.webp\" alt=\"W\u00fctender Mann, der mit den Daumen nach unten zeigt, um seine Unzufriedenheit mit der Entwicklung des Wiederverkaufspreises f\u00fcr Solarenergie zu zeigen.\" width=\"1145\" height=\"583\" srcset=\"https:\/\/cultivetonenergie.com\/wp-content\/uploads\/2025\/03\/colere-secteur-photovoltaique.webp 1145w, https:\/\/cultivetonenergie.com\/wp-content\/uploads\/2025\/03\/colere-secteur-photovoltaique-300x153.webp 300w, https:\/\/cultivetonenergie.com\/wp-content\/uploads\/2025\/03\/colere-secteur-photovoltaique-1024x521.webp 1024w, https:\/\/cultivetonenergie.com\/wp-content\/uploads\/2025\/03\/colere-secteur-photovoltaique-768x391.webp 768w\" sizes=\"(max-width: 1145px) 100vw, 1145px\" \/><\/p>\n<h3><\/h3>\n<p>&nbsp;<\/p>\n<h3>Starker Widerstand von Branchenexperten<\/h3>\n<p>Die wichtigsten Gewerkschaften und Verb\u00e4nde der Photovoltaikbranche \u00e4u\u00dferten sich besorgt \u00fcber diese Entscheidung. Sie sind der Ansicht, dass die Senkung der Tarife die Rentabilit\u00e4t vieler Projekte gef\u00e4hrden k\u00f6nnte, insbesondere bei Anlagen zwischen 100 und 500 kWp, die f\u00fcr Unternehmen, Kommunen und Landwirte von entscheidender Bedeutung sind. <\/p>\n<p>Viele Unternehmen in diesem Sektor weisen auch auf die mangelnde Vorhersehbarkeit dieser \u00c4nderungen hin. Sie kritisieren, dass es sich um eine abrupte \u00c4nderung handelt, die Investoren abschrecken und die Erreichung der nationalen Ziele f\u00fcr erneuerbare Energien verlangsamen k\u00f6nnte. <\/p>\n<p>&nbsp;<\/p>\n<h3>Eine R\u00fcckkehr zu den Fehlern der Vergangenheit?<\/h3>\n<p>Die Situation erinnert an das Moratorium von 2010, das die Entwicklung der Photovoltaik in Frankreich durch eine drastische Reduzierung der Einspeisetarife gestoppt hatte. Diese Entscheidung f\u00fchrte zu einem R\u00fcckgang der Installationen, einem massiven Verlust von Arbeitspl\u00e4tzen und einer Verlangsamung der Entwicklung des Sektors f\u00fcr mehrere Jahre. <\/p>\n<p>Die Branche bef\u00fcrchtet, dass sich dieses Szenario wiederholen k\u00f6nnte, was Tausende von Arbeitspl\u00e4tzen gef\u00e4hrden und das Wachstum der Solarenergie im Land beeintr\u00e4chtigen w\u00fcrde. Einige Akteure fordern einen Dialog mit der Regierung, um die Reform anzupassen und einen zu harten Schock f\u00fcr die Branche zu vermeiden. <\/p>\n<p>&nbsp;<\/p>\n<h3>Ein Aufruf zur Konzertierung<\/h3>\n<p>Angesichts dieser Bedenken fordert die Branche einen allm\u00e4hlicheren \u00dcbergang und die Beibehaltung von Anreiztarifen, um die Rentabilit\u00e4t laufender und k\u00fcnftiger Projekte zu gew\u00e4hrleisten. Die Gespr\u00e4che mit den Beh\u00f6rden werden entscheidend sein, um ein Gleichgewicht zwischen der Rentabilit\u00e4t der Anlagen und der Kontrolle der \u00f6ffentlichen Ausgaben zu finden. <\/p>\n<p>&nbsp;<\/p>\n<p>&nbsp;<\/p>\n<h2>Was ist mit Agrivoltaik?<\/h2>\n<h3>Ein Modell, das gegen Tarifsenkungen resilient ist, aber unter Aufsicht steht<\/h3>\n<p>W\u00e4hrend die Photovoltaikbranche unter sinkenden Einspeisetarifen leidet, bleibt die Agrarvoltaik dank eines separaten Regulierungsrahmens, der ihre doppelte Rolle anerkennt &#8211; Energieerzeugung und gleichzeitig eine landwirtschaftliche Dienstleistung &#8211; vorerst verschont. Diese Besonderheit erm\u00f6glicht es, bestimmte Einschr\u00e4nkungen zu vermeiden, die f\u00fcr herk\u00f6mmliche Photovoltaikanlagen gelten. <\/p>\n<p>Ein k\u00fcrzlich vorgelegter Gesetzentwurf, der eine gerechtere Verteilung des Wertes zwischen Landwirten und Solaranlagenbetreibern vorsieht, beunruhigt die Branche jedoch. Ma\u00dfnahmen wie die Begrenzung der Gr\u00f6\u00dfe der Anlagen, eine h\u00f6here Besteuerung und strenge vertragliche Verpflichtungen k\u00f6nnten ihre Entwicklung bremsen. <\/p>\n<p>&nbsp;<\/p>\n<h3>Ein wirtschaftlicher Hebel ohne finanzielles Risiko f\u00fcr den Landwirt<\/h3>\n<p>Trotz dieser Unsicherheiten bleibt die Agrarvoltaik eine strategische M\u00f6glichkeit f\u00fcr Landwirte. Es erm\u00f6glicht ihnen, ihr Einkommen zu diversifizieren und gleichzeitig von konkreten Vorteilen f\u00fcr ihren Betrieb zu profitieren, wie z.B. Schatten, Schutz vor schlechtem Wetter und besseres Wassermanagement. <\/p>\n<p>Vor allem hat die <strong>\u00dcbertragung an einen Energieversorger<\/strong> wie <a href=\"https:\/\/cultivetonenergie.com\/\">Cultive ton Energie<\/a> einen gro\u00dfen Vorteil: keine Investitionen und kein finanzielles Risiko f\u00fcr den Landwirt. Indem er einfach sein Land zur Verf\u00fcgung stellt, kann er eine <strong>garantierte Jahresmiete<\/strong> erhalten, <strong>ohne sich um die Installations- und Wartungskosten oder die Schwankungen des Energiemarktes k\u00fcmmern<\/strong> zu m\u00fcssen. Eine Schl\u00fcssell\u00f6sung, um seinen Betrieb in aller Ruhe zu modernisieren.  <\/p>\n<p>&nbsp;<\/p>\n<p>Die geplante <strong>Senkung der Photovoltaiktarife<\/strong> ersch\u00fcttert den Sektor, aber die Agrivoltaik kann sich behaupten. Eine Gelegenheit, die Sie f\u00fcr eine nachhaltigere Solarenergie nutzen sollten! <\/p>\n<p>&nbsp;<\/p>\n","protected":false},"excerpt":{"rendered":"<p>Bedroht die vorgeschlagene Senkung der Photovoltaik-Tarife die Rentabilit\u00e4t der Anlagen und die Entwicklung der erneuerbaren Energien in Frankreich? Welche Auswirkungen h\u00e4tte dies auf Projekte von 0 bis 500 kWp, die den Schl\u00fcssel zur dezentralen Entwicklung darstellen? Da die Regierung eine Anpassung der Einspeisetarife in Betracht zieht, ist die Branche \u00fcber die Folgen f\u00fcr die Projekttr\u00e4ger [&hellip;]<\/p>\n","protected":false},"author":8,"featured_media":3032,"comment_status":"closed","ping_status":"open","sticky":false,"template":"","format":"standard","meta":{"footnotes":""},"categories":[31],"tags":[32],"class_list":["post-3037","post","type-post","status-publish","format-standard","has-post-thumbnail","hentry","category-energie-nachrichten","tag-energie-nachrichten"],"yoast_head":"<!-- This site is optimized with the Yoast SEO plugin v27.4 - https:\/\/yoast.com\/product\/yoast-seo-wordpress\/ -->\n<title>Senkung der Photovoltaik-Tarife: ein schwerer Schlag f\u00fcr die Branche? - Cultive Ton Energie<\/title>\n<meta name=\"description\" content=\"Die geplante Senkung der Photovoltaik-Tarife ist ein schwerer Schlag f\u00fcr die Branche. Was ist mit Agrivoltaics?\" \/>\n<meta name=\"robots\" content=\"index, follow, max-snippet:-1, max-image-preview:large, max-video-preview:-1\" \/>\n<link rel=\"canonical\" href=\"https:\/\/cultivetonenergie.com\/de\/energie-nachrichten\/senkung-der-photovoltaik-tarife-ein-schwerer-schlag-fuer-die-branche\/\" \/>\n<meta property=\"og:locale\" content=\"de_DE\" \/>\n<meta property=\"og:type\" content=\"article\" \/>\n<meta property=\"og:title\" content=\"Senkung der Photovoltaik-Tarife: ein schwerer Schlag f\u00fcr die Branche? - Cultive Ton Energie\" \/>\n<meta property=\"og:description\" content=\"Die geplante Senkung der Photovoltaik-Tarife ist ein schwerer Schlag f\u00fcr die Branche. Was ist mit Agrivoltaics?\" \/>\n<meta property=\"og:url\" content=\"https:\/\/cultivetonenergie.com\/de\/energie-nachrichten\/senkung-der-photovoltaik-tarife-ein-schwerer-schlag-fuer-die-branche\/\" \/>\n<meta property=\"og:site_name\" content=\"Cultive Ton Energie\" \/>\n<meta property=\"article:published_time\" content=\"2025-04-16T06:00:22+00:00\" \/>\n<meta property=\"og:image\" content=\"https:\/\/cultivetonenergie.com\/wp-content\/uploads\/2025\/03\/baisse-des-tarifs-photovoltaiques.webp\" \/>\n\t<meta property=\"og:image:width\" content=\"1226\" \/>\n\t<meta property=\"og:image:height\" content=\"818\" \/>\n\t<meta property=\"og:image:type\" content=\"image\/webp\" \/>\n<meta name=\"author\" content=\"julie\" \/>\n<meta name=\"twitter:card\" content=\"summary_large_image\" \/>\n<meta name=\"twitter:label1\" content=\"Verfasst von\" \/>\n\t<meta name=\"twitter:data1\" content=\"julie\" \/>\n\t<meta name=\"twitter:label2\" content=\"Gesch\u00e4tzte Lesezeit\" \/>\n\t<meta name=\"twitter:data2\" content=\"6\u00a0Minuten\" \/>\n<script type=\"application\/ld+json\" class=\"yoast-schema-graph\">{\"@context\":\"https:\\\/\\\/schema.org\",\"@graph\":[{\"@type\":\"Article\",\"@id\":\"https:\\\/\\\/cultivetonenergie.com\\\/de\\\/energie-nachrichten\\\/senkung-der-photovoltaik-tarife-ein-schwerer-schlag-fuer-die-branche\\\/#article\",\"isPartOf\":{\"@id\":\"https:\\\/\\\/cultivetonenergie.com\\\/de\\\/energie-nachrichten\\\/senkung-der-photovoltaik-tarife-ein-schwerer-schlag-fuer-die-branche\\\/\"},\"author\":{\"name\":\"julie\",\"@id\":\"https:\\\/\\\/cultivetonenergie.com\\\/de\\\/#\\\/schema\\\/person\\\/8adf8fdea312050bb86d9e527c80e376\"},\"headline\":\"Senkung der Photovoltaik-Tarife: ein schwerer Schlag f\u00fcr die Branche?\",\"datePublished\":\"2025-04-16T06:00:22+00:00\",\"mainEntityOfPage\":{\"@id\":\"https:\\\/\\\/cultivetonenergie.com\\\/de\\\/energie-nachrichten\\\/senkung-der-photovoltaik-tarife-ein-schwerer-schlag-fuer-die-branche\\\/\"},\"wordCount\":1243,\"publisher\":{\"@id\":\"https:\\\/\\\/cultivetonenergie.com\\\/de\\\/#organization\"},\"image\":{\"@id\":\"https:\\\/\\\/cultivetonenergie.com\\\/de\\\/energie-nachrichten\\\/senkung-der-photovoltaik-tarife-ein-schwerer-schlag-fuer-die-branche\\\/#primaryimage\"},\"thumbnailUrl\":\"https:\\\/\\\/cultivetonenergie.com\\\/wp-content\\\/uploads\\\/2025\\\/03\\\/baisse-des-tarifs-photovoltaiques.webp\",\"keywords\":[\"Energie-Nachrichten\"],\"articleSection\":[\"Energie-Nachrichten\"],\"inLanguage\":\"de\"},{\"@type\":\"WebPage\",\"@id\":\"https:\\\/\\\/cultivetonenergie.com\\\/de\\\/energie-nachrichten\\\/senkung-der-photovoltaik-tarife-ein-schwerer-schlag-fuer-die-branche\\\/\",\"url\":\"https:\\\/\\\/cultivetonenergie.com\\\/de\\\/energie-nachrichten\\\/senkung-der-photovoltaik-tarife-ein-schwerer-schlag-fuer-die-branche\\\/\",\"name\":\"Senkung der Photovoltaik-Tarife: ein schwerer Schlag f\u00fcr die Branche? - Cultive Ton Energie\",\"isPartOf\":{\"@id\":\"https:\\\/\\\/cultivetonenergie.com\\\/de\\\/#website\"},\"primaryImageOfPage\":{\"@id\":\"https:\\\/\\\/cultivetonenergie.com\\\/de\\\/energie-nachrichten\\\/senkung-der-photovoltaik-tarife-ein-schwerer-schlag-fuer-die-branche\\\/#primaryimage\"},\"image\":{\"@id\":\"https:\\\/\\\/cultivetonenergie.com\\\/de\\\/energie-nachrichten\\\/senkung-der-photovoltaik-tarife-ein-schwerer-schlag-fuer-die-branche\\\/#primaryimage\"},\"thumbnailUrl\":\"https:\\\/\\\/cultivetonenergie.com\\\/wp-content\\\/uploads\\\/2025\\\/03\\\/baisse-des-tarifs-photovoltaiques.webp\",\"datePublished\":\"2025-04-16T06:00:22+00:00\",\"description\":\"Die geplante Senkung der Photovoltaik-Tarife ist ein schwerer Schlag f\u00fcr die Branche. Was ist mit Agrivoltaics?\",\"breadcrumb\":{\"@id\":\"https:\\\/\\\/cultivetonenergie.com\\\/de\\\/energie-nachrichten\\\/senkung-der-photovoltaik-tarife-ein-schwerer-schlag-fuer-die-branche\\\/#breadcrumb\"},\"inLanguage\":\"de\",\"potentialAction\":[{\"@type\":\"ReadAction\",\"target\":[\"https:\\\/\\\/cultivetonenergie.com\\\/de\\\/energie-nachrichten\\\/senkung-der-photovoltaik-tarife-ein-schwerer-schlag-fuer-die-branche\\\/\"]}]},{\"@type\":\"ImageObject\",\"inLanguage\":\"de\",\"@id\":\"https:\\\/\\\/cultivetonenergie.com\\\/de\\\/energie-nachrichten\\\/senkung-der-photovoltaik-tarife-ein-schwerer-schlag-fuer-die-branche\\\/#primaryimage\",\"url\":\"https:\\\/\\\/cultivetonenergie.com\\\/wp-content\\\/uploads\\\/2025\\\/03\\\/baisse-des-tarifs-photovoltaiques.webp\",\"contentUrl\":\"https:\\\/\\\/cultivetonenergie.com\\\/wp-content\\\/uploads\\\/2025\\\/03\\\/baisse-des-tarifs-photovoltaiques.webp\",\"width\":1226,\"height\":818},{\"@type\":\"BreadcrumbList\",\"@id\":\"https:\\\/\\\/cultivetonenergie.com\\\/de\\\/energie-nachrichten\\\/senkung-der-photovoltaik-tarife-ein-schwerer-schlag-fuer-die-branche\\\/#breadcrumb\",\"itemListElement\":[{\"@type\":\"ListItem\",\"position\":1,\"name\":\"Accueil\",\"item\":\"https:\\\/\\\/cultivetonenergie.com\\\/de\\\/home\\\/\"},{\"@type\":\"ListItem\",\"position\":2,\"name\":\"Senkung der Photovoltaik-Tarife: ein schwerer Schlag f\u00fcr die Branche?\"}]},{\"@type\":\"WebSite\",\"@id\":\"https:\\\/\\\/cultivetonenergie.com\\\/de\\\/#website\",\"url\":\"https:\\\/\\\/cultivetonenergie.com\\\/de\\\/\",\"name\":\"Cultive Ton Energie\",\"description\":\"Nos solutions d\u2019agrivolta\u00efsme sont cr\u00e9\u00e9es avec vous, pour vos besoins agricoles.\",\"publisher\":{\"@id\":\"https:\\\/\\\/cultivetonenergie.com\\\/de\\\/#organization\"},\"potentialAction\":[{\"@type\":\"SearchAction\",\"target\":{\"@type\":\"EntryPoint\",\"urlTemplate\":\"https:\\\/\\\/cultivetonenergie.com\\\/de\\\/?s={search_term_string}\"},\"query-input\":{\"@type\":\"PropertyValueSpecification\",\"valueRequired\":true,\"valueName\":\"search_term_string\"}}],\"inLanguage\":\"de\"},{\"@type\":\"Organization\",\"@id\":\"https:\\\/\\\/cultivetonenergie.com\\\/de\\\/#organization\",\"name\":\"Cultive Ton Energie\",\"url\":\"https:\\\/\\\/cultivetonenergie.com\\\/de\\\/\",\"logo\":{\"@type\":\"ImageObject\",\"inLanguage\":\"de\",\"@id\":\"https:\\\/\\\/cultivetonenergie.com\\\/de\\\/#\\\/schema\\\/logo\\\/image\\\/\",\"url\":\"https:\\\/\\\/cultivetonenergie.com\\\/wp-content\\\/uploads\\\/2024\\\/05\\\/logov2.webp\",\"contentUrl\":\"https:\\\/\\\/cultivetonenergie.com\\\/wp-content\\\/uploads\\\/2024\\\/05\\\/logov2.webp\",\"width\":373,\"height\":127,\"caption\":\"Cultive Ton Energie\"},\"image\":{\"@id\":\"https:\\\/\\\/cultivetonenergie.com\\\/de\\\/#\\\/schema\\\/logo\\\/image\\\/\"}},{\"@type\":\"Person\",\"@id\":\"https:\\\/\\\/cultivetonenergie.com\\\/de\\\/#\\\/schema\\\/person\\\/8adf8fdea312050bb86d9e527c80e376\",\"name\":\"julie\",\"image\":{\"@type\":\"ImageObject\",\"inLanguage\":\"de\",\"@id\":\"https:\\\/\\\/secure.gravatar.com\\\/avatar\\\/44db9baafd0ad2030bc78bf74a581278cf0ed0cb94a0aa846fd2594616ebc166?s=96&d=mm&r=g\",\"url\":\"https:\\\/\\\/secure.gravatar.com\\\/avatar\\\/44db9baafd0ad2030bc78bf74a581278cf0ed0cb94a0aa846fd2594616ebc166?s=96&d=mm&r=g\",\"contentUrl\":\"https:\\\/\\\/secure.gravatar.com\\\/avatar\\\/44db9baafd0ad2030bc78bf74a581278cf0ed0cb94a0aa846fd2594616ebc166?s=96&d=mm&r=g\",\"caption\":\"julie\"}}]}<\/script>\n<!-- \/ Yoast SEO plugin. -->","yoast_head_json":{"title":"Senkung der Photovoltaik-Tarife: ein schwerer Schlag f\u00fcr die Branche? - Cultive Ton Energie","description":"Die geplante Senkung der Photovoltaik-Tarife ist ein schwerer Schlag f\u00fcr die Branche. Was ist mit Agrivoltaics?","robots":{"index":"index","follow":"follow","max-snippet":"max-snippet:-1","max-image-preview":"max-image-preview:large","max-video-preview":"max-video-preview:-1"},"canonical":"https:\/\/cultivetonenergie.com\/de\/energie-nachrichten\/senkung-der-photovoltaik-tarife-ein-schwerer-schlag-fuer-die-branche\/","og_locale":"de_DE","og_type":"article","og_title":"Senkung der Photovoltaik-Tarife: ein schwerer Schlag f\u00fcr die Branche? - Cultive Ton Energie","og_description":"Die geplante Senkung der Photovoltaik-Tarife ist ein schwerer Schlag f\u00fcr die Branche. Was ist mit Agrivoltaics?","og_url":"https:\/\/cultivetonenergie.com\/de\/energie-nachrichten\/senkung-der-photovoltaik-tarife-ein-schwerer-schlag-fuer-die-branche\/","og_site_name":"Cultive Ton Energie","article_published_time":"2025-04-16T06:00:22+00:00","og_image":[{"width":1226,"height":818,"url":"https:\/\/cultivetonenergie.com\/wp-content\/uploads\/2025\/03\/baisse-des-tarifs-photovoltaiques.webp","type":"image\/webp"}],"author":"julie","twitter_card":"summary_large_image","twitter_misc":{"Verfasst von":"julie","Gesch\u00e4tzte Lesezeit":"6\u00a0Minuten"},"schema":{"@context":"https:\/\/schema.org","@graph":[{"@type":"Article","@id":"https:\/\/cultivetonenergie.com\/de\/energie-nachrichten\/senkung-der-photovoltaik-tarife-ein-schwerer-schlag-fuer-die-branche\/#article","isPartOf":{"@id":"https:\/\/cultivetonenergie.com\/de\/energie-nachrichten\/senkung-der-photovoltaik-tarife-ein-schwerer-schlag-fuer-die-branche\/"},"author":{"name":"julie","@id":"https:\/\/cultivetonenergie.com\/de\/#\/schema\/person\/8adf8fdea312050bb86d9e527c80e376"},"headline":"Senkung der Photovoltaik-Tarife: ein schwerer Schlag f\u00fcr die Branche?","datePublished":"2025-04-16T06:00:22+00:00","mainEntityOfPage":{"@id":"https:\/\/cultivetonenergie.com\/de\/energie-nachrichten\/senkung-der-photovoltaik-tarife-ein-schwerer-schlag-fuer-die-branche\/"},"wordCount":1243,"publisher":{"@id":"https:\/\/cultivetonenergie.com\/de\/#organization"},"image":{"@id":"https:\/\/cultivetonenergie.com\/de\/energie-nachrichten\/senkung-der-photovoltaik-tarife-ein-schwerer-schlag-fuer-die-branche\/#primaryimage"},"thumbnailUrl":"https:\/\/cultivetonenergie.com\/wp-content\/uploads\/2025\/03\/baisse-des-tarifs-photovoltaiques.webp","keywords":["Energie-Nachrichten"],"articleSection":["Energie-Nachrichten"],"inLanguage":"de"},{"@type":"WebPage","@id":"https:\/\/cultivetonenergie.com\/de\/energie-nachrichten\/senkung-der-photovoltaik-tarife-ein-schwerer-schlag-fuer-die-branche\/","url":"https:\/\/cultivetonenergie.com\/de\/energie-nachrichten\/senkung-der-photovoltaik-tarife-ein-schwerer-schlag-fuer-die-branche\/","name":"Senkung der Photovoltaik-Tarife: ein schwerer Schlag f\u00fcr die Branche? - Cultive Ton Energie","isPartOf":{"@id":"https:\/\/cultivetonenergie.com\/de\/#website"},"primaryImageOfPage":{"@id":"https:\/\/cultivetonenergie.com\/de\/energie-nachrichten\/senkung-der-photovoltaik-tarife-ein-schwerer-schlag-fuer-die-branche\/#primaryimage"},"image":{"@id":"https:\/\/cultivetonenergie.com\/de\/energie-nachrichten\/senkung-der-photovoltaik-tarife-ein-schwerer-schlag-fuer-die-branche\/#primaryimage"},"thumbnailUrl":"https:\/\/cultivetonenergie.com\/wp-content\/uploads\/2025\/03\/baisse-des-tarifs-photovoltaiques.webp","datePublished":"2025-04-16T06:00:22+00:00","description":"Die geplante Senkung der Photovoltaik-Tarife ist ein schwerer Schlag f\u00fcr die Branche. Was ist mit Agrivoltaics?","breadcrumb":{"@id":"https:\/\/cultivetonenergie.com\/de\/energie-nachrichten\/senkung-der-photovoltaik-tarife-ein-schwerer-schlag-fuer-die-branche\/#breadcrumb"},"inLanguage":"de","potentialAction":[{"@type":"ReadAction","target":["https:\/\/cultivetonenergie.com\/de\/energie-nachrichten\/senkung-der-photovoltaik-tarife-ein-schwerer-schlag-fuer-die-branche\/"]}]},{"@type":"ImageObject","inLanguage":"de","@id":"https:\/\/cultivetonenergie.com\/de\/energie-nachrichten\/senkung-der-photovoltaik-tarife-ein-schwerer-schlag-fuer-die-branche\/#primaryimage","url":"https:\/\/cultivetonenergie.com\/wp-content\/uploads\/2025\/03\/baisse-des-tarifs-photovoltaiques.webp","contentUrl":"https:\/\/cultivetonenergie.com\/wp-content\/uploads\/2025\/03\/baisse-des-tarifs-photovoltaiques.webp","width":1226,"height":818},{"@type":"BreadcrumbList","@id":"https:\/\/cultivetonenergie.com\/de\/energie-nachrichten\/senkung-der-photovoltaik-tarife-ein-schwerer-schlag-fuer-die-branche\/#breadcrumb","itemListElement":[{"@type":"ListItem","position":1,"name":"Accueil","item":"https:\/\/cultivetonenergie.com\/de\/home\/"},{"@type":"ListItem","position":2,"name":"Senkung der Photovoltaik-Tarife: ein schwerer Schlag f\u00fcr die Branche?"}]},{"@type":"WebSite","@id":"https:\/\/cultivetonenergie.com\/de\/#website","url":"https:\/\/cultivetonenergie.com\/de\/","name":"Cultive Ton Energie","description":"Nos solutions d\u2019agrivolta\u00efsme sont cr\u00e9\u00e9es avec vous, pour vos besoins agricoles.","publisher":{"@id":"https:\/\/cultivetonenergie.com\/de\/#organization"},"potentialAction":[{"@type":"SearchAction","target":{"@type":"EntryPoint","urlTemplate":"https:\/\/cultivetonenergie.com\/de\/?s={search_term_string}"},"query-input":{"@type":"PropertyValueSpecification","valueRequired":true,"valueName":"search_term_string"}}],"inLanguage":"de"},{"@type":"Organization","@id":"https:\/\/cultivetonenergie.com\/de\/#organization","name":"Cultive Ton Energie","url":"https:\/\/cultivetonenergie.com\/de\/","logo":{"@type":"ImageObject","inLanguage":"de","@id":"https:\/\/cultivetonenergie.com\/de\/#\/schema\/logo\/image\/","url":"https:\/\/cultivetonenergie.com\/wp-content\/uploads\/2024\/05\/logov2.webp","contentUrl":"https:\/\/cultivetonenergie.com\/wp-content\/uploads\/2024\/05\/logov2.webp","width":373,"height":127,"caption":"Cultive Ton Energie"},"image":{"@id":"https:\/\/cultivetonenergie.com\/de\/#\/schema\/logo\/image\/"}},{"@type":"Person","@id":"https:\/\/cultivetonenergie.com\/de\/#\/schema\/person\/8adf8fdea312050bb86d9e527c80e376","name":"julie","image":{"@type":"ImageObject","inLanguage":"de","@id":"https:\/\/secure.gravatar.com\/avatar\/44db9baafd0ad2030bc78bf74a581278cf0ed0cb94a0aa846fd2594616ebc166?s=96&d=mm&r=g","url":"https:\/\/secure.gravatar.com\/avatar\/44db9baafd0ad2030bc78bf74a581278cf0ed0cb94a0aa846fd2594616ebc166?s=96&d=mm&r=g","contentUrl":"https:\/\/secure.gravatar.com\/avatar\/44db9baafd0ad2030bc78bf74a581278cf0ed0cb94a0aa846fd2594616ebc166?s=96&d=mm&r=g","caption":"julie"}}]}},"_links":{"self":[{"href":"https:\/\/cultivetonenergie.com\/de\/wp-json\/wp\/v2\/posts\/3037","targetHints":{"allow":["GET"]}}],"collection":[{"href":"https:\/\/cultivetonenergie.com\/de\/wp-json\/wp\/v2\/posts"}],"about":[{"href":"https:\/\/cultivetonenergie.com\/de\/wp-json\/wp\/v2\/types\/post"}],"author":[{"embeddable":true,"href":"https:\/\/cultivetonenergie.com\/de\/wp-json\/wp\/v2\/users\/8"}],"replies":[{"embeddable":true,"href":"https:\/\/cultivetonenergie.com\/de\/wp-json\/wp\/v2\/comments?post=3037"}],"version-history":[{"count":0,"href":"https:\/\/cultivetonenergie.com\/de\/wp-json\/wp\/v2\/posts\/3037\/revisions"}],"wp:featuredmedia":[{"embeddable":true,"href":"https:\/\/cultivetonenergie.com\/de\/wp-json\/wp\/v2\/media\/3032"}],"wp:attachment":[{"href":"https:\/\/cultivetonenergie.com\/de\/wp-json\/wp\/v2\/media?parent=3037"}],"wp:term":[{"taxonomy":"category","embeddable":true,"href":"https:\/\/cultivetonenergie.com\/de\/wp-json\/wp\/v2\/categories?post=3037"},{"taxonomy":"post_tag","embeddable":true,"href":"https:\/\/cultivetonenergie.com\/de\/wp-json\/wp\/v2\/tags?post=3037"}],"curies":[{"name":"wp","href":"https:\/\/api.w.org\/{rel}","templated":true}]}}